{"id":1169,"date":"2016-02-19T11:40:46","date_gmt":"2016-02-19T11:40:46","guid":{"rendered":"http:\/\/www.fashionjewelries.com\/w\/?p=1169"},"modified":"2016-02-19T11:40:46","modified_gmt":"2016-02-19T11:40:46","slug":"adolescentes-cntas-de-madera","status":"publish","type":"post","link":"https:\/\/www.fashionjewelries.com\/w\/es\/adolescentes-cntas-de-madera\/","title":{"rendered":"Adolescentes collar de cuentas de madera"},"content":{"rendered":"<p><span id=\"result_box\" class=\"short_text\" lang=\"es\" tabindex=\"-1\"><span class=\"hps\">Collar de la manera<\/span> <span class=\"hps\">adolescentes<\/span><\/span><\/p>\n<p><a href=\"http:\/\/www.fashionjewelries.com\/w\/wp-content\/uploads\/2016\/01\/DSC000332.jpg\"><img loading=\"lazy\" decoding=\"async\" class=\"size-medium wp-image-899 alignleft\" src=\"http:\/\/www.fashionjewelries.com\/w\/wp-content\/uploads\/2016\/01\/DSC000332-300x225.jpg\" alt=\"DSC00033\" width=\"300\" height=\"225\" srcset=\"https:\/\/www.fashionjewelries.com\/w\/wp-content\/uploads\/2016\/01\/DSC000332-300x225.jpg 300w, https:\/\/www.fashionjewelries.com\/w\/wp-content\/uploads\/2016\/01\/DSC000332.jpg 739w\" sizes=\"auto, (max-width: 300px) 100vw, 300px\" \/><\/a><\/p>\n<p><span id=\"result_box\" class=\"\" lang=\"es\" tabindex=\"-1\"><span class=\"hps\">Una gran selecci\u00f3n de<\/span> <span class=\"hps\">collares<\/span> <span class=\"hps\">para adolescentes y<\/span> <span class=\"hps\">unisex.<\/span> <span class=\"hps\">Leis<\/span> <span class=\"hps\">Polinesia,<\/span> <span class=\"hps\">collar de<\/span> <span class=\"hps\">surfista<\/span>, <span class=\"hps\">tribal, \u00e9tnico<\/span>, <span class=\"hps\">rasta<\/span> <span class=\"hps\">y<\/span> <span class=\"hps\">accesorio de moda<\/span> <span class=\"hps\">tono natural<\/span>.<\/span><\/p>\n","protected":false},"excerpt":{"rendered":"<p>Collar de la manera adolescentes Una gran selecci\u00f3n de collares para adolescentes y unisex. Leis Polinesia, collar de surfista, tribal, \u00e9tnico, rasta y accesorio de moda tono natural.<\/p>\n","protected":false},"author":1,"featured_media":899,"comment_status":"open","ping_status":"open","sticky":false,"template":"","format":"standard","meta":{"footnotes":""},"categories":[770,774],"tags":[905,909,911,913,903,915,907,901],"class_list":["post-1169","post","type-post","status-publish","format-standard","has-post-thumbnail","","category-estilo-de-vida","category-fotografia","tag-collar-rasta","tag-la-moda-de-verano","tag-la-moda-surfer","tag-los-adolescentes-usan","tag-moda-rasta","tag-moda-tribal","tag-reggae-collar","tag-ropa-de-playa"],"yoast_head":"<!-- This site is optimized with the Yoast SEO plugin v25.4 - https:\/\/yoast.com\/wordpress\/plugins\/seo\/ -->\n<title>Los adolescentes collar de cuentas de madera - Bedido Moda<\/title>\n<meta name=\"description\" content=\"La mejor colecci\u00f3n de los adolescentes natural hecho a mano de los granos de madera collares. Rasta, reggae, Surfer, \u00e9tnico, playa, verano, joyer\u00eda de moda tribal.\" \/>\n<meta name=\"robots\" content=\"index, follow, max-snippet:-1, max-image-preview:large, max-video-preview:-1\" \/>\n<link rel=\"canonical\" href=\"https:\/\/www.fashionjewelries.com\/w\/es\/adolescentes-cntas-de-madera\/\" \/>\n<meta property=\"og:locale\" content=\"en_US\" \/>\n<meta property=\"og:type\" content=\"article\" \/>\n<meta property=\"og:title\" content=\"Los adolescentes collar de cuentas de madera - Bedido Moda\" \/>\n<meta property=\"og:description\" content=\"La mejor colecci\u00f3n de los adolescentes natural hecho a mano de los granos de madera collares. Rasta, reggae, Surfer, \u00e9tnico, playa, verano, joyer\u00eda de moda tribal.\" \/>\n<meta property=\"og:url\" content=\"https:\/\/www.fashionjewelries.com\/w\/es\/adolescentes-cntas-de-madera\/\" \/>\n<meta property=\"article:published_time\" content=\"2016-02-19T11:40:46+00:00\" \/>\n<meta property=\"og:image\" content=\"https:\/\/www.fashionjewelries.com\/w\/wp-content\/uploads\/2016\/01\/DSC000332.jpg\" \/>\n\t<meta property=\"og:image:width\" content=\"739\" \/>\n\t<meta property=\"og:image:height\" content=\"554\" \/>\n\t<meta property=\"og:image:type\" content=\"image\/jpeg\" \/>\n<meta name=\"author\" content=\"admin\" \/>\n<meta name=\"twitter:card\" content=\"summary_large_image\" \/>\n<meta name=\"twitter:label1\" content=\"Written by\" \/>\n\t<meta name=\"twitter:data1\" content=\"admin\" \/>\n<script type=\"application\/ld+json\" class=\"yoast-schema-graph\">{\"@context\":\"https:\/\/schema.org\",\"@graph\":[{\"@type\":\"WebPage\",\"@id\":\"https:\/\/www.fashionjewelries.com\/w\/es\/adolescentes-cntas-de-madera\/\",\"url\":\"https:\/\/www.fashionjewelries.com\/w\/es\/adolescentes-cntas-de-madera\/\",\"name\":\"Los adolescentes collar de cuentas de madera - Bedido Moda\",\"isPartOf\":{\"@id\":\"https:\/\/www.fashionjewelries.com\/w\/#website\"},\"primaryImageOfPage\":{\"@id\":\"https:\/\/www.fashionjewelries.com\/w\/es\/adolescentes-cntas-de-madera\/#primaryimage\"},\"image\":{\"@id\":\"https:\/\/www.fashionjewelries.com\/w\/es\/adolescentes-cntas-de-madera\/#primaryimage\"},\"thumbnailUrl\":\"https:\/\/www.fashionjewelries.com\/w\/wp-content\/uploads\/2016\/01\/DSC000332.jpg\",\"datePublished\":\"2016-02-19T11:40:46+00:00\",\"author\":{\"@id\":\"https:\/\/www.fashionjewelries.com\/w\/#\/schema\/person\/6473c2fa5e373595c801965e36f3b5cc\"},\"description\":\"La mejor colecci\u00f3n de los adolescentes natural hecho a mano de los granos de madera collares. Rasta, reggae, Surfer, \u00e9tnico, playa, verano, joyer\u00eda de moda tribal.\",\"breadcrumb\":{\"@id\":\"https:\/\/www.fashionjewelries.com\/w\/es\/adolescentes-cntas-de-madera\/#breadcrumb\"},\"inLanguage\":\"en-US\",\"potentialAction\":[{\"@type\":\"ReadAction\",\"target\":[\"https:\/\/www.fashionjewelries.com\/w\/es\/adolescentes-cntas-de-madera\/\"]}]},{\"@type\":\"ImageObject\",\"inLanguage\":\"en-US\",\"@id\":\"https:\/\/www.fashionjewelries.com\/w\/es\/adolescentes-cntas-de-madera\/#primaryimage\",\"url\":\"https:\/\/www.fashionjewelries.com\/w\/wp-content\/uploads\/2016\/01\/DSC000332.jpg\",\"contentUrl\":\"https:\/\/www.fashionjewelries.com\/w\/wp-content\/uploads\/2016\/01\/DSC000332.jpg\",\"width\":739,\"height\":554},{\"@type\":\"BreadcrumbList\",\"@id\":\"https:\/\/www.fashionjewelries.com\/w\/es\/adolescentes-cntas-de-madera\/#breadcrumb\",\"itemListElement\":[{\"@type\":\"ListItem\",\"position\":1,\"name\":\"Home\",\"item\":\"https:\/\/www.fashionjewelries.com\/w\/\"},{\"@type\":\"ListItem\",\"position\":2,\"name\":\"Adolescentes collar de cuentas de madera\"}]},{\"@type\":\"WebSite\",\"@id\":\"https:\/\/www.fashionjewelries.com\/w\/#website\",\"url\":\"https:\/\/www.fashionjewelries.com\/w\/\",\"name\":\"\",\"description\":\"\",\"potentialAction\":[{\"@type\":\"SearchAction\",\"target\":{\"@type\":\"EntryPoint\",\"urlTemplate\":\"https:\/\/www.fashionjewelries.com\/w\/?s={search_term_string}\"},\"query-input\":{\"@type\":\"PropertyValueSpecification\",\"valueRequired\":true,\"valueName\":\"search_term_string\"}}],\"inLanguage\":\"en-US\"},{\"@type\":\"Person\",\"@id\":\"https:\/\/www.fashionjewelries.com\/w\/#\/schema\/person\/6473c2fa5e373595c801965e36f3b5cc\",\"name\":\"admin\",\"url\":\"https:\/\/www.fashionjewelries.com\/w\/author\/admin\/\"}]}<\/script>\n<!-- \/ Yoast SEO plugin. -->","yoast_head_json":{"title":"Los adolescentes collar de cuentas de madera - Bedido Moda","description":"La mejor colecci\u00f3n de los adolescentes natural hecho a mano de los granos de madera collares. Rasta, reggae, Surfer, \u00e9tnico, playa, verano, joyer\u00eda de moda tribal.","robots":{"index":"index","follow":"follow","max-snippet":"max-snippet:-1","max-image-preview":"max-image-preview:large","max-video-preview":"max-video-preview:-1"},"canonical":"https:\/\/www.fashionjewelries.com\/w\/es\/adolescentes-cntas-de-madera\/","og_locale":"en_US","og_type":"article","og_title":"Los adolescentes collar de cuentas de madera - Bedido Moda","og_description":"La mejor colecci\u00f3n de los adolescentes natural hecho a mano de los granos de madera collares. Rasta, reggae, Surfer, \u00e9tnico, playa, verano, joyer\u00eda de moda tribal.","og_url":"https:\/\/www.fashionjewelries.com\/w\/es\/adolescentes-cntas-de-madera\/","article_published_time":"2016-02-19T11:40:46+00:00","og_image":[{"width":739,"height":554,"url":"https:\/\/www.fashionjewelries.com\/w\/wp-content\/uploads\/2016\/01\/DSC000332.jpg","type":"image\/jpeg"}],"author":"admin","twitter_card":"summary_large_image","twitter_misc":{"Written by":"admin"},"schema":{"@context":"https:\/\/schema.org","@graph":[{"@type":"WebPage","@id":"https:\/\/www.fashionjewelries.com\/w\/es\/adolescentes-cntas-de-madera\/","url":"https:\/\/www.fashionjewelries.com\/w\/es\/adolescentes-cntas-de-madera\/","name":"Los adolescentes collar de cuentas de madera - Bedido Moda","isPartOf":{"@id":"https:\/\/www.fashionjewelries.com\/w\/#website"},"primaryImageOfPage":{"@id":"https:\/\/www.fashionjewelries.com\/w\/es\/adolescentes-cntas-de-madera\/#primaryimage"},"image":{"@id":"https:\/\/www.fashionjewelries.com\/w\/es\/adolescentes-cntas-de-madera\/#primaryimage"},"thumbnailUrl":"https:\/\/www.fashionjewelries.com\/w\/wp-content\/uploads\/2016\/01\/DSC000332.jpg","datePublished":"2016-02-19T11:40:46+00:00","author":{"@id":"https:\/\/www.fashionjewelries.com\/w\/#\/schema\/person\/6473c2fa5e373595c801965e36f3b5cc"},"description":"La mejor colecci\u00f3n de los adolescentes natural hecho a mano de los granos de madera collares. Rasta, reggae, Surfer, \u00e9tnico, playa, verano, joyer\u00eda de moda tribal.","breadcrumb":{"@id":"https:\/\/www.fashionjewelries.com\/w\/es\/adolescentes-cntas-de-madera\/#breadcrumb"},"inLanguage":"en-US","potentialAction":[{"@type":"ReadAction","target":["https:\/\/www.fashionjewelries.com\/w\/es\/adolescentes-cntas-de-madera\/"]}]},{"@type":"ImageObject","inLanguage":"en-US","@id":"https:\/\/www.fashionjewelries.com\/w\/es\/adolescentes-cntas-de-madera\/#primaryimage","url":"https:\/\/www.fashionjewelries.com\/w\/wp-content\/uploads\/2016\/01\/DSC000332.jpg","contentUrl":"https:\/\/www.fashionjewelries.com\/w\/wp-content\/uploads\/2016\/01\/DSC000332.jpg","width":739,"height":554},{"@type":"BreadcrumbList","@id":"https:\/\/www.fashionjewelries.com\/w\/es\/adolescentes-cntas-de-madera\/#breadcrumb","itemListElement":[{"@type":"ListItem","position":1,"name":"Home","item":"https:\/\/www.fashionjewelries.com\/w\/"},{"@type":"ListItem","position":2,"name":"Adolescentes collar de cuentas de madera"}]},{"@type":"WebSite","@id":"https:\/\/www.fashionjewelries.com\/w\/#website","url":"https:\/\/www.fashionjewelries.com\/w\/","name":"","description":"","potentialAction":[{"@type":"SearchAction","target":{"@type":"EntryPoint","urlTemplate":"https:\/\/www.fashionjewelries.com\/w\/?s={search_term_string}"},"query-input":{"@type":"PropertyValueSpecification","valueRequired":true,"valueName":"search_term_string"}}],"inLanguage":"en-US"},{"@type":"Person","@id":"https:\/\/www.fashionjewelries.com\/w\/#\/schema\/person\/6473c2fa5e373595c801965e36f3b5cc","name":"admin","url":"https:\/\/www.fashionjewelries.com\/w\/author\/admin\/"}]}},"_links":{"self":[{"href":"https:\/\/www.fashionjewelries.com\/w\/wp-json\/wp\/v2\/posts\/1169","targetHints":{"allow":["GET"]}}],"collection":[{"href":"https:\/\/www.fashionjewelries.com\/w\/wp-json\/wp\/v2\/posts"}],"about":[{"href":"https:\/\/www.fashionjewelries.com\/w\/wp-json\/wp\/v2\/types\/post"}],"author":[{"embeddable":true,"href":"https:\/\/www.fashionjewelries.com\/w\/wp-json\/wp\/v2\/users\/1"}],"replies":[{"embeddable":true,"href":"https:\/\/www.fashionjewelries.com\/w\/wp-json\/wp\/v2\/comments?post=1169"}],"version-history":[{"count":1,"href":"https:\/\/www.fashionjewelries.com\/w\/wp-json\/wp\/v2\/posts\/1169\/revisions"}],"predecessor-version":[{"id":1170,"href":"https:\/\/www.fashionjewelries.com\/w\/wp-json\/wp\/v2\/posts\/1169\/revisions\/1170"}],"wp:featuredmedia":[{"embeddable":true,"href":"https:\/\/www.fashionjewelries.com\/w\/wp-json\/wp\/v2\/media\/899"}],"wp:attachment":[{"href":"https:\/\/www.fashionjewelries.com\/w\/wp-json\/wp\/v2\/media?parent=1169"}],"wp:term":[{"taxonomy":"category","embeddable":true,"href":"https:\/\/www.fashionjewelries.com\/w\/wp-json\/wp\/v2\/categories?post=1169"},{"taxonomy":"post_tag","embeddable":true,"href":"https:\/\/www.fashionjewelries.com\/w\/wp-json\/wp\/v2\/tags?post=1169"}],"curies":[{"name":"wp","href":"https:\/\/api.w.org\/{rel}","templated":true}]}}